{"id":5550,"date":"2014-02-06T15:53:10","date_gmt":"2014-02-06T15:53:10","guid":{"rendered":"http:\/\/www.emaze.com\/\/?p=5550"},"modified":"2023-08-01T12:26:42","modified_gmt":"2023-08-01T12:26:42","slug":"ok-mr-zuckerberg-whats-next","status":"publish","type":"post","link":"https:\/\/www.emaze.com\/pt\/ok-sr-zuckerberg-o-que-vem-a-seguir\/","title":{"rendered":"Ok Sr. Zuckerberg, ent\u00e3o o que vem a seguir para o Facebook?"},"content":{"rendered":"<p dir=\"ltr\">O Facebook est\u00e1 comemorando seu 10\u00ba anivers\u00e1rio e as conquistas s\u00e3o impressionantes. O futuro do Facebook como rede social central na vida das pessoas ser\u00e1 ditado n\u00e3o apenas por quem est\u00e1 nele agora, mas por quem o adotar\u00e1 no futuro. <!--more--><\/p>\n<p dir=\"ltr\">Em algum momento, o Facebook atingir\u00e1 um ponto de satura\u00e7\u00e3o de usu\u00e1rios ativos em todo o mundo. Sua taxa de churn determina o que acontece depois disso.<\/p>\n<p dir=\"ltr\">Em dez curtos anos, o Facebook coletou mais dados pessoais do que provavelmente qualquer outra empresa na hist\u00f3ria do mundo. Essa vantagem na publicidade direcionada \u00e9 evidente em seus relat\u00f3rios financeiros. Para manter essa vantagem, o gigante da m\u00eddia social precisar\u00e1 lidar com a multiplicidade de redes de m\u00eddia social que est\u00e3o surgindo, cada uma atendendo a um nicho exclusivo. O futuro do Facebook ser\u00e1 muito influenciado por atrair ou n\u00e3o seu p\u00fablico.<\/p>\n<p dir=\"ltr\">Confira o quanto a rede social mudou nos \u00faltimos 10 anos.<\/p>\n<p dir=\"ltr\">Hoje, o Facebook \u00e9 l\u00edder em sua liga com potencial para ser uma m\u00e1quina de lucro. No entanto, para as pessoas que n\u00e3o cresceram com a plataforma, o mundo da m\u00eddia social \u00e9 muito mais amplo e se tornar\u00e1 ainda mais \u00e0 medida que envelhecem.<\/p>\n<p dir=\"ltr\">S\u00f3 o tempo revelar\u00e1 o destino da lend\u00e1ria rede social na pr\u00f3xima d\u00e9cada.<\/p>","protected":false},"excerpt":{"rendered":"<p>O Facebook est\u00e1 comemorando seu 10\u00ba anivers\u00e1rio e as conquistas s\u00e3o impressionantes. O futuro do Facebook como rede social central na vida das pessoas ser\u00e1 ditado n\u00e3o apenas por quem est\u00e1 nele agora, mas por quem o adotar\u00e1 no futuro.<\/p>","protected":false},"author":1,"featured_media":27020,"comment_status":"closed","ping_status":"closed","sticky":false,"template":"","format":"standard","meta":{"footnotes":""},"categories":[338],"tags":[],"class_list":["post-5550","post","type-post","status-publish","format-standard","has-post-thumbnail","hentry","category-archives"],"_links":{"self":[{"href":"https:\/\/www.emaze.com\/pt\/wp-json\/wp\/v2\/posts\/5550","targetHints":{"allow":["GET"]}}],"collection":[{"href":"https:\/\/www.emaze.com\/pt\/wp-json\/wp\/v2\/posts"}],"about":[{"href":"https:\/\/www.emaze.com\/pt\/wp-json\/wp\/v2\/types\/post"}],"author":[{"embeddable":true,"href":"https:\/\/www.emaze.com\/pt\/wp-json\/wp\/v2\/users\/1"}],"replies":[{"embeddable":true,"href":"https:\/\/www.emaze.com\/pt\/wp-json\/wp\/v2\/comments?post=5550"}],"version-history":[{"count":2,"href":"https:\/\/www.emaze.com\/pt\/wp-json\/wp\/v2\/posts\/5550\/revisions"}],"predecessor-version":[{"id":30030,"href":"https:\/\/www.emaze.com\/pt\/wp-json\/wp\/v2\/posts\/5550\/revisions\/30030"}],"wp:featuredmedia":[{"embeddable":true,"href":"https:\/\/www.emaze.com\/pt\/wp-json\/wp\/v2\/media\/27020"}],"wp:attachment":[{"href":"https:\/\/www.emaze.com\/pt\/wp-json\/wp\/v2\/media?parent=5550"}],"wp:term":[{"taxonomy":"category","embeddable":true,"href":"https:\/\/www.emaze.com\/pt\/wp-json\/wp\/v2\/categories?post=5550"},{"taxonomy":"post_tag","embeddable":true,"href":"https:\/\/www.emaze.com\/pt\/wp-json\/wp\/v2\/tags?post=5550"}],"curies":[{"name":"wp","href":"https:\/\/api.w.org\/{rel}","templated":true}]}}