{"id":14528,"date":"2020-09-03T08:23:08","date_gmt":"2020-09-03T08:23:08","guid":{"rendered":"http:\/\/www.emaze.com\/?p=14528"},"modified":"2023-07-12T12:43:44","modified_gmt":"2023-07-12T12:43:44","slug":"how-to-cope-with-learning-disabilities","status":"publish","type":"post","link":"https:\/\/www.emaze.com\/pt\/como-lidar-com-dificuldades-de-aprendizagem\/","title":{"rendered":"Aprendendo a lidar com dificuldades de aprendizagem: a hist\u00f3ria de Matt [+DICAS]"},"content":{"rendered":"<p style=\"text-align: left;\"><span style=\"font-size: 16pt;\">Matt Mickelson, um estudante de 21 anos de Calgary, Canad\u00e1, compartilha sua experi\u00eancia de ser um estudante diagnosticado com S\u00edndrome de Asperger, al\u00e9m de ter dificuldades de aprendizagem<\/span><\/p>\n<p><!--more--><\/p>\n<h3><strong><i>Ao ser diagnosticado com Dificuldades de Aprendizagem<\/i><\/strong><\/h3>\n<p><span style=\"font-weight: 400;\">Matt tinha sete anos quando foi diagnosticado com S\u00edndrome de Asperger (agora classificado no Espectro do Autismo), Transtorno do Desenvolvimento da Coordena\u00e7\u00e3o e Dificuldade de Aprendizagem N\u00e3o Especificada. Esse diagn\u00f3stico simplesmente confirmou que ele era diferente, mas \u201cem alguns pontos, meu diagn\u00f3stico me fez sentir sozinho ou um p\u00e1ria porque n\u00e3o conhecia ningu\u00e9m \u201ccomo eu\u201d\u201d.<\/span><\/p>\n<p><span style=\"font-weight: 400;\">Esse foi particularmente o caso na escola prim\u00e1ria, onde Matt diz \u201c<\/span><span style=\"font-weight: 400;\">Fui intimidado e rejeitado pela maioria dos meus colegas, principalmente porque era \u201cdiferente\u201d deles. Eu tinha alguns amigos, mas com o passar dos anos eles meio que ficaram em segundo plano. Ser tratado como um estranho pelos meus colegas de classe era bastante isolador, lembro-me de voltar para casa sozinho e chorar sozinho no meu quarto enquanto lia livros e s\u00f3 queria ser aceito pelos meus colegas.<\/span><\/p>\n<p><span style=\"font-weight: 400;\">Isso mudou quando ele se mudou para <a href=\"https:\/\/www.foothillsacademy.org\/\" target=\"_blank\" rel=\"noopener\">Academia Foothills<\/a> em Calgary para o ensino fundamental. A Foothills Academy \u00e9 uma escola particular especializada em Dificuldades de Aprendizagem e TDAH. \u201cTodos os meus colegas de classe eram \u201cdiferentes\u201d e, por serem todos diferentes, isso me dava a sensa\u00e7\u00e3o de ser aceito. Em Foothills, tive uma comunidade receptiva que entendeu de onde eu vinha porque eles tamb\u00e9m estiveram l\u00e1, o que me permitiu me destacar acad\u00eamica e socialmente. Aprendi a jogar basquete, algo que um dos meus professores do ensino fundamental disse que eu nunca seria capaz de fazer.\u201d<\/span><\/p>\n<h3><strong><i>Matt hoje<\/i><\/strong><\/h3>\n<p><span style=\"font-weight: 400;\">\u201cTenho 21 anos e estou no quarto ano do curso de Justi\u00e7a Criminal na <a href=\"https:\/\/www.mtroyal.ca\/\" target=\"_blank\" rel=\"noopener\">Universidade Mount Royal<\/a> em Calgary, Alberta. Minha aspira\u00e7\u00e3o futura \u00e9 entrar na lei, especificamente na lei de Direitos Humanos.\u201d&nbsp;<\/span><\/p>\n<p><span style=\"font-weight: 400;\">Na universidade, ele faz parte do <a href=\"https:\/\/www.samru.ca\/\" target=\"_blank\" rel=\"noopener\">SAMRU (Associa\u00e7\u00e3o de Estudantes da Mount Royal University)<\/a>, Student Governing Board e presidente de v\u00e1rios clubes universit\u00e1rios, bem como o gerente de recrutamento e risco da col\u00f4nia Sigma Chi Mu.<\/span><\/p>\n<p><span style=\"font-weight: 400;\">Fora da universidade, Matt trabalha em tempo integral como volunt\u00e1rio e, durante a pandemia, Matt ajudou os investigadores que trabalhavam em v\u00e1rios casos de pessoas desaparecidas. Ele tamb\u00e9m trabalha para ajudar a aumentar a conscientiza\u00e7\u00e3o sobre as dificuldades de aprendizagem e tem<\/span><span style=\"font-weight: 400;\"> realizou workshops sobre Dificuldades de Aprendizagem\/ TDAH\/ Autismo\/ Neurodiversidade no passado para o conselho escolar local, e um v\u00eddeo dele falando sobre suas experi\u00eancias foi exibido em uma confer\u00eancia internacional sobre dificuldades de aprendizagem.<\/span><\/p>\n<p><iframe src=\"https:\/\/app.emaze.com\/@AOWIQCICL\/learning-disabilities-a-true-story\" width=\"960px\" height=\"540px\" seamless=\"\" allowfullscreen=\"allowfullscreen\"><\/iframe><a href=\"https:\/\/www.emaze.com\/pt\/\" target=\"_blank\" rel=\"noopener\"><img decoding=\"async\" style=\"margin: 5px; border: none;\" src=\"\/\/resources.emaze.com\/mypres\/css\/images\/embed.png\" alt=\"Alimentado por emaze\"><\/a><\/p>\n<h3><strong><i>A chave para entender as dificuldades de aprendizagem, de acordo com Matt <\/i><\/strong><\/h3>\n<p><span style=\"font-weight: 400;\">\u201cA chave para entender as Dificuldades de Aprendizagem est\u00e1 em saber que \u2013<\/span><\/p>\n<ul>\n<li><span style=\"font-weight: 400;\">Tendo <\/span><span style=\"font-weight: 400;\">Dificuldades de aprendizagem<\/span><span style=\"font-weight: 400;\"> n\u00e3o significa voc\u00ea&quot;<\/span><span style=\"font-weight: 400;\">n\u00e3o pode aprender<\/span><span style=\"font-weight: 400;\">\u201d ou que voc\u00ea \u00e9 \u201c<\/span><span style=\"font-weight: 400;\">est\u00fapido<\/span><span style=\"font-weight: 400;\">&quot;ou &quot;<\/span><span style=\"font-weight: 400;\">lento<\/span><span style=\"font-weight: 400;\">&#8220;.<\/span><\/li>\n<li><span style=\"font-weight: 400;\">Voc\u00ea \u00e9 talentoso, bonito, inteligente e n\u00e3o est\u00e1 sozinho.&nbsp;<\/span><\/li>\n<li><span style=\"font-weight: 400;\">Voc\u00ea apenas <\/span><span style=\"font-weight: 400;\">aprender, pensar e agir de forma diferente<\/span><span style=\"font-weight: 400;\"> por causa da fia\u00e7\u00e3o do seu c\u00e9rebro.\u201d<\/span><\/li>\n<\/ul>\n<h3><strong><i>Como Matt aprendeu a lidar com suas dificuldades de aprendizagem<\/i><\/strong><\/h3>\n<p><span style=\"font-weight: 400;\">\u201c<\/span><span style=\"font-weight: 400;\">Um mecanismo de enfrentamento que funcionou para mim foi, na verdade, assistir a uma grande variedade de filmes para ajudar a aprender as dicas sociais, j\u00e1 que a s\u00edndrome de Asperger agora sob o Transtorno do Espectro do Autismo \u00e9 principalmente dificuldade em ler a linguagem corporal e as dicas sociais, essa \u00e9 uma \u00e1rea que eu experimentei muito e erro. Mas voc\u00ea sempre aprende mais com seus erros do que com seus acertos. Se eu tivesse que dar conselhos a outra pessoa passando por uma luta semelhante, minha \u00fanica palavra de conselho seria \u201cPr\u00e1tica\u201d e, no final, voc\u00ea pode acabar com uma habilidade maior do que a maioria das pessoas que consideram essa habilidade como certa\u201d.<\/span><\/p>\n<h3><strong><i>Sobre o uso de ferramentas para obter a ajuda necess\u00e1ria<\/i><\/strong><\/h3>\n<p><span style=\"font-weight: 400;\">Matt compartilhou conosco algumas das ferramentas que ele e seus amigos usaram para ajud\u00e1-los nos trabalhos escolares.<\/span><\/p>\n<p><span style=\"font-weight: 400;\">Para acessibilidade, Matt recomenda uma extens\u00e3o do Google chamada <\/span><a href=\"https:\/\/chrome.google.com\/webstore\/detail\/readwrite-for-google-chro\/inoeonmfapjbbkmdafoankkfajkcphgd\" target=\"_blank\" rel=\"noopener\"><strong>Ler escrever<\/strong><\/a><span style=\"font-weight: 400;\"> que l\u00ea o que voc\u00ea escreveu de volta para voc\u00ea.<\/span><\/p>\n<p><span style=\"font-weight: 400;\">Outra ferramenta de acessibilidade \u00e9 <\/span><strong><a href=\"https:\/\/www.nuance.com\/dragon.html\" target=\"_blank\" rel=\"noopener\">Drag\u00e3o falando naturalmente<\/a><\/strong><span style=\"font-weight: 400;\">, um software de fala para texto. Esta ferramenta permite escrever e editar documentos, bem como controlar o seu computador \u2013 tudo com o som da sua voz.<\/span><\/p>\n<p><span style=\"font-weight: 400;\">Para organiza\u00e7\u00f5es e conselhos, Matt recomenda <\/span><b>Sociedade da Academia Foothills <\/b><span style=\"font-weight: 400;\">e a <\/span><a href=\"https:\/\/ldaamerica.org\/\" target=\"_blank\" rel=\"noopener\">Associa\u00e7\u00e3o de Defici\u00eancia de Aprendizagem da Am\u00e9rica<\/a><span style=\"font-weight: 400;\">. Seus sites cont\u00eam recursos que qualquer pessoa pode acessar para obter suporte.<\/span><\/p>\n<p>&nbsp;<\/p>","protected":false},"excerpt":{"rendered":"<p>Matt Mickelson, um estudante de 21 anos de Calgary, Canad\u00e1, compartilha sua experi\u00eancia de ser um estudante diagnosticado com S\u00edndrome de Asperger, al\u00e9m de ter dificuldades de aprendizagem<\/p>","protected":false},"author":1,"featured_media":26997,"comment_status":"open","ping_status":"open","sticky":false,"template":"","format":"standard","meta":{"footnotes":""},"categories":[42,335],"tags":[],"class_list":["post-14528","post","type-post","status-publish","format-standard","has-post-thumbnail","hentry","category-education","category-tips-tricks"],"_links":{"self":[{"href":"https:\/\/www.emaze.com\/pt\/wp-json\/wp\/v2\/posts\/14528","targetHints":{"allow":["GET"]}}],"collection":[{"href":"https:\/\/www.emaze.com\/pt\/wp-json\/wp\/v2\/posts"}],"about":[{"href":"https:\/\/www.emaze.com\/pt\/wp-json\/wp\/v2\/types\/post"}],"author":[{"embeddable":true,"href":"https:\/\/www.emaze.com\/pt\/wp-json\/wp\/v2\/users\/1"}],"replies":[{"embeddable":true,"href":"https:\/\/www.emaze.com\/pt\/wp-json\/wp\/v2\/comments?post=14528"}],"version-history":[{"count":1,"href":"https:\/\/www.emaze.com\/pt\/wp-json\/wp\/v2\/posts\/14528\/revisions"}],"predecessor-version":[{"id":27037,"href":"https:\/\/www.emaze.com\/pt\/wp-json\/wp\/v2\/posts\/14528\/revisions\/27037"}],"wp:featuredmedia":[{"embeddable":true,"href":"https:\/\/www.emaze.com\/pt\/wp-json\/wp\/v2\/media\/26997"}],"wp:attachment":[{"href":"https:\/\/www.emaze.com\/pt\/wp-json\/wp\/v2\/media?parent=14528"}],"wp:term":[{"taxonomy":"category","embeddable":true,"href":"https:\/\/www.emaze.com\/pt\/wp-json\/wp\/v2\/categories?post=14528"},{"taxonomy":"post_tag","embeddable":true,"href":"https:\/\/www.emaze.com\/pt\/wp-json\/wp\/v2\/tags?post=14528"}],"curies":[{"name":"wp","href":"https:\/\/api.w.org\/{rel}","templated":true}]}}