{"id":12710,"date":"2016-07-13T15:44:19","date_gmt":"2016-07-13T15:44:19","guid":{"rendered":"http:\/\/www.emaze.com\/?p=12710"},"modified":"2023-06-29T06:18:54","modified_gmt":"2023-06-29T06:18:54","slug":"make-your-summer-photos-emazing","status":"publish","type":"post","link":"https:\/\/www.emaze.com\/pt\/faca-suas-fotos-de-verao-incriveis\/","title":{"rendered":"Fa\u00e7a suas fotos de ver\u00e3o incr\u00edveis!"},"content":{"rendered":"<p><span style=\"font-weight: 400;\">Vai sair de f\u00e9rias ou acabou de regressar? Teve uma festa maravilhosa no dia 4 de julho e quer organizar suas fotos? &nbsp;<\/span><\/p>\n<p><!--more--><\/p>\n<p><strong>Compartilhe suas hist\u00f3rias de viagem ou mostre suas fotos de festa com um emaze! <\/strong><\/p>\n<p><span style=\"font-weight: 400;\">Com nosso fant\u00e1stico modelo global, voc\u00ea pode criar facilmente uma linda hist\u00f3ria visual de suas \u00faltimas f\u00e9rias ou evento. Simplesmente substitua as fotos de fundo e o texto por seu pr\u00f3prio di\u00e1rio de fotos. &nbsp;&nbsp;&nbsp;<\/span><\/p>\n<p><a href=\"https:\/\/www.emaze.com\/wp-content\/uploads\/2016\/07\/5656.gif\"><img fetchpriority=\"high\" decoding=\"async\" class=\"alignnone size-full wp-image-12711\" src=\"https:\/\/www.emaze.com\/wp-content\/uploads\/2016\/07\/5656.gif\" alt=\"5656\" width=\"390\" height=\"214\"><\/a><\/p>\n<p><span style=\"font-weight: 400;\">Ent\u00e3o certifique-se de compartilhar com todos os seus amigos e familiares! Compartilhe no Facebook, Twitter ou e-mail diretamente. Espalhe a divers\u00e3o e as mem\u00f3rias deste ver\u00e3o de uma forma incr\u00edvel!<\/span><\/p>\n<p><a href=\"http:\/\/bit.ly\/29RS92N\" target=\"_blank\" rel=\"noopener\"><img decoding=\"async\" class=\"alignnone size-full wp-image-12712\" src=\"https:\/\/www.emaze.com\/wp-content\/uploads\/2016\/07\/NEWSLETTER-CTA.jpg\" alt=\"NEWSLETTER-CTA\" width=\"302\" height=\"56\"><\/a><\/p>\n<p><span style=\"font-weight: 400;\">Comece a emazificar o seu ver\u00e3o hoje!<\/span><\/p>","protected":false},"excerpt":{"rendered":"<p>Vai sair de f\u00e9rias ou acabou de regressar? Teve uma festa maravilhosa no dia 4 de julho e quer organizar suas fotos? &nbsp;<\/p>","protected":false},"author":1,"featured_media":26997,"comment_status":"open","ping_status":"open","sticky":false,"template":"","format":"standard","meta":{"footnotes":""},"categories":[266],"tags":[],"class_list":["post-12710","post","type-post","status-publish","format-standard","has-post-thumbnail","hentry","category-uncategorized-en"],"_links":{"self":[{"href":"https:\/\/www.emaze.com\/pt\/wp-json\/wp\/v2\/posts\/12710","targetHints":{"allow":["GET"]}}],"collection":[{"href":"https:\/\/www.emaze.com\/pt\/wp-json\/wp\/v2\/posts"}],"about":[{"href":"https:\/\/www.emaze.com\/pt\/wp-json\/wp\/v2\/types\/post"}],"author":[{"embeddable":true,"href":"https:\/\/www.emaze.com\/pt\/wp-json\/wp\/v2\/users\/1"}],"replies":[{"embeddable":true,"href":"https:\/\/www.emaze.com\/pt\/wp-json\/wp\/v2\/comments?post=12710"}],"version-history":[{"count":1,"href":"https:\/\/www.emaze.com\/pt\/wp-json\/wp\/v2\/posts\/12710\/revisions"}],"predecessor-version":[{"id":27277,"href":"https:\/\/www.emaze.com\/pt\/wp-json\/wp\/v2\/posts\/12710\/revisions\/27277"}],"wp:featuredmedia":[{"embeddable":true,"href":"https:\/\/www.emaze.com\/pt\/wp-json\/wp\/v2\/media\/26997"}],"wp:attachment":[{"href":"https:\/\/www.emaze.com\/pt\/wp-json\/wp\/v2\/media?parent=12710"}],"wp:term":[{"taxonomy":"category","embeddable":true,"href":"https:\/\/www.emaze.com\/pt\/wp-json\/wp\/v2\/categories?post=12710"},{"taxonomy":"post_tag","embeddable":true,"href":"https:\/\/www.emaze.com\/pt\/wp-json\/wp\/v2\/tags?post=12710"}],"curies":[{"name":"wp","href":"https:\/\/api.w.org\/{rel}","templated":true}]}}